{"id":21203,"date":"2025-03-04T15:46:17","date_gmt":"2025-03-04T15:46:17","guid":{"rendered":"https:\/\/www.gem.pt\/1\/?p=21203"},"modified":"2025-07-24T22:34:56","modified_gmt":"2025-07-24T21:34:56","slug":"multi-atividades-carnaval-transmontano","status":"publish","type":"post","link":"https:\/\/www.gem.pt\/1\/2025\/03\/multi-atividades-carnaval-transmontano\/","title":{"rendered":"Multi-atividades  &#8211; Carnaval Transmontano"},"content":{"rendered":"\t\t<div data-elementor-type=\"wp-post\" data-elementor-id=\"21203\" class=\"elementor elementor-21203\">\n\t\t\t\t\t\t<section class=\"elementor-section elementor-top-section elementor-element elementor-element-04d355d elementor-section-boxed elementor-section-height-default elementor-section-height-default\" data-id=\"04d355d\" data-element_type=\"section\" data-e-type=\"section\">\n\t\t\t\t\t\t<div class=\"elementor-container elementor-column-gap-default\">\n\t\t\t\t\t<div class=\"aux-parallax-section elementor-column elementor-col-100 elementor-top-column elementor-element elementor-element-6bd73f4\" data-id=\"6bd73f4\" data-element_type=\"column\" data-e-type=\"column\">\n\t\t\t<div class=\"elementor-widget-wrap elementor-element-populated\">\n\t\t\t\t\t\t<div class=\"elementor-element elementor-element-788dfad elementor-widget elementor-widget-image\" data-id=\"788dfad\" data-element_type=\"widget\" data-e-type=\"widget\" data-widget_type=\"image.default\">\n\t\t\t\t<div class=\"elementor-widget-container\">\n\t\t\t\t\t\t\t\t\t\t\t\t\t\t\t<img fetchpriority=\"high\" decoding=\"async\" width=\"1500\" height=\"500\" src=\"https:\/\/www.gem.pt\/wp-content\/uploads\/2025\/07\/20250304-multiatividades-pan.jpg\" class=\"attachment-full size-full wp-image-21300\" alt=\"\" srcset=\"https:\/\/www.gem.pt\/wp-content\/uploads\/2025\/07\/20250304-multiatividades-pan.jpg 1500w, https:\/\/www.gem.pt\/wp-content\/uploads\/2025\/07\/20250304-multiatividades-pan-18x6.jpg 18w\" sizes=\"(max-width: 1500px) 100vw, 1500px\" \/>\t\t\t\t\t\t\t\t\t\t\t\t\t\t\t<\/div>\n\t\t\t\t<\/div>\n\t\t\t\t<div class=\"elementor-element elementor-element-c11bc0c elementor-widget elementor-widget-elementskit-post-list\" data-id=\"c11bc0c\" data-element_type=\"widget\" data-e-type=\"widget\" data-widget_type=\"elementskit-post-list.default\">\n\t\t\t\t<div class=\"elementor-widget-container\">\n\t\t\t\t\t<div class=\"ekit-wid-con\" >\t\t<ul class=\"elementor-icon-list-items ekit-post-list-wrapper \">\n\t\t\t\t\t\t<li class=\"elementor-icon-list-item   \">\n\t\t\t\t<a href=\"https:\/\/www.gem.pt\/1\/2025\/03\/multi-atividades-carnaval-transmontano\/\" >\n\t\t\t\t\t\t\t\t\t\t<div class=\"ekit_post_list_content_wraper\">\n\t\t\t\t\t\t\n\t\t\t\t\t\t<span class=\"elementor-icon-list-text\">Multi-atividades  - Carnaval Transmontano<\/span>\n\n\t\t\t\t\t\t\t\t\t\t\t<\/div>\n\t\t\t\t<\/a>\n\t\t\t<\/li>\n\t\t\t\t<\/ul>\n\t\t<\/div>\t\t\t\t<\/div>\n\t\t\t\t<\/div>\n\t\t\t\t<div class=\"elementor-element elementor-element-b69b532 elementor-widget elementor-widget-elementskit-post-list\" data-id=\"b69b532\" data-element_type=\"widget\" data-e-type=\"widget\" data-widget_type=\"elementskit-post-list.default\">\n\t\t\t\t<div class=\"elementor-widget-container\">\n\t\t\t\t\t<div class=\"ekit-wid-con\" >\t\t<ul class=\"elementor-icon-list-items ekit-post-list-wrapper \">\n\t\t\t\t\t\t<li class=\"elementor-icon-list-item   \">\n\t\t\t\t<a href=\"https:\/\/www.gem.pt\/1\/2025\/03\/multi-atividades-carnaval-transmontano\/\" >\n\t\t\t\t\t\t\t\t\t\t\t\t\t<span class=\"elementor-icon-list-icon\">\n\t\t\t\t\t\t\t\t\t\t\t\t\t\t\t\t\t<\/span>\n\t\t\t\t\t\t\t\t\t\t\t\t<div class=\"ekit_post_list_content_wraper\">\n\t\t\t\t\t\t\n\t\t\t\t\t\t<span class=\"elementor-icon-list-text\">Multi-atividades  - Carnaval Transmontano<\/span>\n\n\t\t\t\t\t\t\t\t\t\t\t\t\t\t\t\t\t\t<div class=\"meta-lists\">\n\t\t\t\t\t\t\t\t\t\t\t\t\t\t<span class=\"meta-date\">\n\t\t\t\t\t\t\t\t<i aria-hidden=\"true\" class=\"far fa-clock\"><\/i>\t\n\n\t\t\t\t\t\t\t\t04 Mar 2025\t\t\t\t\t\t\t<\/span>\n\t\t\t\t\t\t\t\n\t\t\t\t\t\t\t\t\t\t\t\t\t\t\t\t<span class=\"meta-category\">\n\t\t\t\t\t\t\t\t\t\t\t\t\t\t\t\t\t\t\t<i aria-hidden=\"true\" class=\"far fa-folder-open\"><\/i>\t\t\t\t\t\t\t\t\tFotografia\t\t\t\t\t\t\t\t\t<\/span>\n\t\t\t\t\t\t\t\t\t\t\t\t\t\t\t<\/div>\n\t\t\t\t\t\t\t\t\t\t\t<\/div>\n\t\t\t\t<\/a>\n\t\t\t<\/li>\n\t\t\t\t<\/ul>\n\t\t<\/div>\t\t\t\t<\/div>\n\t\t\t\t<\/div>\n\t\t\t\t\t<\/div>\n\t\t<\/div>\n\t\t\t\t\t<\/div>\n\t\t<\/section>\n\t\t\t\t<section class=\"elementor-section elementor-top-section elementor-element elementor-element-1210ae3 elementor-section-boxed elementor-section-height-default elementor-section-height-default\" data-id=\"1210ae3\" data-element_type=\"section\" data-e-type=\"section\">\n\t\t\t\t\t\t<div class=\"elementor-container elementor-column-gap-default\">\n\t\t\t\t\t<div class=\"aux-parallax-section elementor-column elementor-col-100 elementor-top-column elementor-element elementor-element-599a1549\" data-id=\"599a1549\" data-element_type=\"column\" data-e-type=\"column\">\n\t\t\t<div class=\"elementor-widget-wrap elementor-element-populated\">\n\t\t\t\t\t\t<div class=\"elementor-element elementor-element-3e5f6bfc elementor-widget elementor-widget-text-editor\" data-id=\"3e5f6bfc\" data-element_type=\"widget\" data-e-type=\"widget\" data-widget_type=\"text-editor.default\">\n\t\t\t\t<div class=\"elementor-widget-container\">\n\t\t\t\t\t\t\t\t\t<p><span style=\"text-align: justify;\"><span style=\"color: #000000; font-family: Questrial;\"><span style=\"letter-spacing: normal; white-space: pre-line; caret-color: #000000;\"><a href=\"https:\/\/www.gem.pt\/wp-content\/uploads\/2025\/07\/20250304-multiatividades1.jpg\"><img decoding=\"async\" class=\"wp-image-21301 alignright\" src=\"https:\/\/www.gem.pt\/wp-content\/uploads\/2025\/07\/20250304-multiatividades1.jpg\" alt=\"\" width=\"300\" height=\"225\" srcset=\"https:\/\/www.gem.pt\/wp-content\/uploads\/2025\/07\/20250304-multiatividades1.jpg 600w, https:\/\/www.gem.pt\/wp-content\/uploads\/2025\/07\/20250304-multiatividades1-16x12.jpg 16w\" sizes=\"(max-width: 300px) 100vw, 300px\" \/><\/a>Entre os dias 1 e 4 de mar\u00e7o, partimos rumo a Tr\u00e1s-os-Montes para viver o Carnaval Transmontano em Podence, terra dos ic\u00f3nicos Caretos. Foram dias de conv\u00edvio, natureza, cultura e fotografia, com alojamento nas acolhedoras casas do <a href=\"https:\/\/azibeirohousenature.com\/\">Azibeiro House &amp; Nature<\/a>.<\/span><\/span><\/span><\/p><p><span style=\"text-align: justify;\"><span style=\"color: #000000; font-family: Questrial;\">Come\u00e7\u00e1mos com o Trilho da Faia da \u00c1gua Alta, em Mogadouro, que nos levou at\u00e9 uma das mais altas e impressionantes cascatas de Portugal. No dia seguinte, explor\u00e1mos os Lagos do Sabor at\u00e9 ao miradouro da Serpente do Medal, com vistas amplas e serenas sobre a paisagem transmontana.<\/span><\/span><\/p><p><span style=\"text-align: justify;\"><span style=\"color: #000000; font-family: Questrial;\">A Caminhada das Amendoeiras em Flor, em Felgar, revelou-nos os encantos primaveris da regi\u00e3o, culminando no miradouro de S. Louren\u00e7o. \u00c0 noite, mergulh\u00e1mos na tradi\u00e7\u00e3o com o Preg\u00e3o Casamenteiro de Podence.<\/span><\/span><\/p><p><span style=\"text-align: justify;\"><span style=\"color: #000000; font-family: Questrial;\"><a href=\"https:\/\/www.gem.pt\/wp-content\/uploads\/2025\/07\/20250304-multiatividades2.jpg\"><img decoding=\"async\" class=\"wp-image-21302 alignleft\" src=\"https:\/\/www.gem.pt\/wp-content\/uploads\/2025\/07\/20250304-multiatividades2.jpg\" alt=\"\" width=\"300\" height=\"225\" srcset=\"https:\/\/www.gem.pt\/wp-content\/uploads\/2025\/07\/20250304-multiatividades2.jpg 600w, https:\/\/www.gem.pt\/wp-content\/uploads\/2025\/07\/20250304-multiatividades2-16x12.jpg 16w\" sizes=\"(max-width: 300px) 100vw, 300px\" \/><\/a>No \u00faltimo dia, percorremos o Trilho Ricardo Magalh\u00e3es, junto \u00e0 Albufeira do Azibo, rodeados por natureza e aves protegidas. A festa dos Caretos e a Queima do Entrudo fecharam em apoteose esta celebra\u00e7\u00e3o genuinamente transmontana.<\/span><\/span><\/p><p><span style=\"text-align: justify;\"><span style=\"color: #000000; font-family: Questrial;\">Esta viagem foi uma verdadeira celebra\u00e7\u00e3o da cultura e natureza transmontanas \u2014 um encontro entre tradi\u00e7\u00e3o, esp\u00edrito de grupo e aventura.<\/span><\/span><\/p><p><span style=\"text-align: justify;\"><span style=\"color: #000000; font-family: Questrial;\">Veja <a href=\"https:\/\/www.gem.pt\/1\/galeria-de-fotos\/?sgdg-path-679ca81b=1mYLP453B5PYh2guVBS5i3MiMsIvWUE_5\">aqui<\/a> algumas fotos desta atividade.<\/span><\/span><\/p>\t\t\t\t\t\t\t\t<\/div>\n\t\t\t\t<\/div>\n\t\t\t\t\t<\/div>\n\t\t<\/div>\n\t\t\t\t\t<\/div>\n\t\t<\/section>\n\t\t\t\t<section class=\"elementor-section elementor-top-section elementor-element elementor-element-6dbef2c elementor-section-boxed elementor-section-height-default elementor-section-height-default\" data-id=\"6dbef2c\" data-element_type=\"section\" data-e-type=\"section\">\n\t\t\t\t\t\t<div class=\"elementor-container elementor-column-gap-default\">\n\t\t\t\t\t<div class=\"aux-parallax-section elementor-column elementor-col-50 elementor-top-column elementor-element elementor-element-1ad05cb\" data-id=\"1ad05cb\" data-element_type=\"column\" data-e-type=\"column\" data-settings=\"{&quot;background_background&quot;:&quot;classic&quot;}\">\n\t\t\t<div class=\"elementor-widget-wrap elementor-element-populated\">\n\t\t\t\t\t\t<div class=\"elementor-element elementor-element-a42594d elementor-widget__width-auto elementor-widget elementor-widget-heading\" data-id=\"a42594d\" data-element_type=\"widget\" data-e-type=\"widget\" data-widget_type=\"heading.default\">\n\t\t\t\t<div class=\"elementor-widget-container\">\n\t\t\t\t\t<h4 class=\"elementor-heading-title elementor-size-default\">Outras Not\u00edcias<\/h4>\t\t\t\t<\/div>\n\t\t\t\t<\/div>\n\t\t\t\t\t<\/div>\n\t\t<\/div>\n\t\t\t\t<div class=\"aux-parallax-section elementor-column elementor-col-50 elementor-top-column elementor-element elementor-element-60b37cb\" data-id=\"60b37cb\" data-element_type=\"column\" data-e-type=\"column\">\n\t\t\t<div class=\"elementor-widget-wrap elementor-element-populated\">\n\t\t\t\t\t\t\t<\/div>\n\t\t<\/div>\n\t\t\t\t\t<\/div>\n\t\t<\/section>\n\t\t\t\t<section class=\"elementor-section elementor-top-section elementor-element elementor-element-144333d elementor-section-boxed elementor-section-height-default elementor-section-height-default\" data-id=\"144333d\" data-element_type=\"section\" data-e-type=\"section\">\n\t\t\t\t\t\t<div class=\"elementor-container elementor-column-gap-default\">\n\t\t\t\t\t<div class=\"aux-parallax-section elementor-column elementor-col-100 elementor-top-column elementor-element elementor-element-871085a\" data-id=\"871085a\" data-element_type=\"column\" data-e-type=\"column\" data-settings=\"{&quot;background_background&quot;:&quot;classic&quot;}\">\n\t\t\t<div class=\"elementor-widget-wrap elementor-element-populated\">\n\t\t\t\t\t\t<div class=\"elementor-element elementor-element-94ed6cb elementor-grid-eael-col-4 elementor-grid-tablet-eael-col-2 elementor-grid-mobile-eael-col-1 elementor-widget elementor-widget-eael-post-grid\" data-id=\"94ed6cb\" data-element_type=\"widget\" data-e-type=\"widget\" data-settings=\"{&quot;eael_post_grid_columns&quot;:&quot;eael-col-4&quot;,&quot;eael_post_grid_columns_tablet&quot;:&quot;eael-col-2&quot;,&quot;eael_post_grid_columns_mobile&quot;:&quot;eael-col-1&quot;}\" data-widget_type=\"eael-post-grid.default\">\n\t\t\t\t<div class=\"elementor-widget-container\">\n\t\t\t\t\t<div id=\"eael-post-grid-94ed6cb\" class=\"eael-post-grid-container\">\n            <div class=\"eael-post-grid eael-post-appender eael-post-appender-94ed6cb eael-post-grid-style-two\" data-layout-mode=\"grid\"><article class=\"eael-grid-post  eael-post-grid-column eael-pg-post-22537 category-speleo tags-algar-da-autoestrada\" data-id=\"22537\">\n    <div class=\"eael-grid-post-holder\">\n        <div class=\"eael-grid-post-holder-inner\"><div class=\"eael-entry-media\"><ul class=\"post-carousel-categories\"><li><a href=\"https:\/\/www.gem.pt\/1\/category\/noticias\/speleo\/\">Espeleologia<\/a><\/li><\/ul><div class=\"eael-entry-overlay zoom-in\"><i class=\"icon icon-plus\" aria-hidden=\"true\"><\/i><a href=\"https:\/\/www.gem.pt\/1\/2026\/02\/nova-publicacao-algar-da-autoestrada\/\"><\/a><\/div><div class=\"eael-entry-thumbnail \">\n                            <img loading=\"lazy\" decoding=\"async\" width=\"280\" height=\"180\" src=\"https:\/\/www.gem.pt\/wp-content\/uploads\/2026\/03\/pan-280x180.jpg\" class=\"attachment-post-thumbnail size-post-thumbnail wp-image-22523\" alt=\"\" \/>\n                            <\/div>\n                    <\/div><div class=\"eael-entry-wrapper\"><header class=\"eael-entry-header\"><span class=\"eael-entry-title\"><a class=\"eael-grid-post-link\" href=\"https:\/\/www.gem.pt\/1\/2026\/02\/nova-publicacao-algar-da-autoestrada\/\" title=\"Nova publica\u00e7\u00e3o: Algar da Autoestrada\">Nova publica\u00e7\u00e3o: Algar da Autoestrada<\/a><\/span><\/header><div class=\"eael-entry-header-after style-two\"><div class=\"eael-entry-meta\"><span class=\"eael-meta-posted-on\"><i class=\"far fa-clock\"><\/i><time datetime=\"28 de Fevereiro, 2026\">28 de Fevereiro, 2026<\/time><\/span><ul class=\"post-meta-categories\"><li class=\"meta-cat-icon\"><i class=\"far fa-folder-open\"><\/i><\/li><li><a href=\"https:\/\/www.gem.pt\/1\/category\/noticias\/speleo\/\">Espeleologia <\/a><\/li><\/ul><\/div><\/div><\/div><\/div>\n    <\/div>\n<\/article><article class=\"eael-grid-post  eael-post-grid-column eael-pg-post-22417 category-speleo tags-algar-antigo-algar-da-perdiz-algar-do-cabeco-da-pedreira-algar-do-marco-geodesico-algar-do-rochio-largo-algar-do-sai-dai-gruta-da-pedreira-1-gruta-dos-sapinhos-serra-dos-candeeiros\" data-id=\"22417\">\n    <div class=\"eael-grid-post-holder\">\n        <div class=\"eael-grid-post-holder-inner\"><div class=\"eael-entry-media\"><ul class=\"post-carousel-categories\"><li><a href=\"https:\/\/www.gem.pt\/1\/category\/noticias\/speleo\/\">Espeleologia<\/a><\/li><\/ul><div class=\"eael-entry-overlay zoom-in\"><i class=\"icon icon-plus\" aria-hidden=\"true\"><\/i><a href=\"https:\/\/www.gem.pt\/1\/2026\/01\/nova-publicacao-no-carso-e-endocarso-2\/\"><\/a><\/div><div class=\"eael-entry-thumbnail \">\n                            <img loading=\"lazy\" decoding=\"async\" width=\"280\" height=\"180\" src=\"https:\/\/www.gem.pt\/wp-content\/uploads\/2025\/12\/candeeiros_pan-280x180.jpg\" class=\"attachment-post-thumbnail size-post-thumbnail wp-image-22252\" alt=\"\" \/>\n                            <\/div>\n                    <\/div><div class=\"eael-entry-wrapper\"><header class=\"eael-entry-header\"><span class=\"eael-entry-title\"><a class=\"eael-grid-post-link\" href=\"https:\/\/www.gem.pt\/1\/2026\/01\/nova-publicacao-no-carso-e-endocarso-2\/\" title=\"Nova publica\u00e7\u00e3o no Carso e Endocarso\">Nova publica\u00e7\u00e3o no Carso e Endocarso<\/a><\/span><\/header><div class=\"eael-entry-header-after style-two\"><div class=\"eael-entry-meta\"><span class=\"eael-meta-posted-on\"><i class=\"far fa-clock\"><\/i><time datetime=\"11 de Janeiro, 2026\">11 de Janeiro, 2026<\/time><\/span><ul class=\"post-meta-categories\"><li class=\"meta-cat-icon\"><i class=\"far fa-folder-open\"><\/i><\/li><li><a href=\"https:\/\/www.gem.pt\/1\/category\/noticias\/speleo\/\">Espeleologia <\/a><\/li><\/ul><\/div><\/div><\/div><\/div>\n    <\/div>\n<\/article><article class=\"eael-grid-post  eael-post-grid-column eael-pg-post-22403 category-speleo tags-algar-da-moita-das-porcas-i-algar-da-moita-das-porcas-ii-algar-da-pedreira-do-batista-macico-calcario-estremenho-planalto-de-sao-mamede-sao-mamede\" data-id=\"22403\">\n    <div class=\"eael-grid-post-holder\">\n        <div class=\"eael-grid-post-holder-inner\"><div class=\"eael-entry-media\"><ul class=\"post-carousel-categories\"><li><a href=\"https:\/\/www.gem.pt\/1\/category\/noticias\/speleo\/\">Espeleologia<\/a><\/li><\/ul><div class=\"eael-entry-overlay zoom-in\"><i class=\"icon icon-plus\" aria-hidden=\"true\"><\/i><a href=\"https:\/\/www.gem.pt\/1\/2025\/12\/nova-publicacao-sobre-as-cavidades-do-planalto-de-sao-mamede\/\"><\/a><\/div><div class=\"eael-entry-thumbnail \">\n                            <img loading=\"lazy\" decoding=\"async\" width=\"280\" height=\"180\" src=\"https:\/\/www.gem.pt\/wp-content\/uploads\/2026\/01\/saomamede_pan-280x180.jpg\" class=\"attachment-post-thumbnail size-post-thumbnail wp-image-22376\" alt=\"\" \/>\n                            <\/div>\n                    <\/div><div class=\"eael-entry-wrapper\"><header class=\"eael-entry-header\"><span class=\"eael-entry-title\"><a class=\"eael-grid-post-link\" href=\"https:\/\/www.gem.pt\/1\/2025\/12\/nova-publicacao-sobre-as-cavidades-do-planalto-de-sao-mamede\/\" title=\"Nova publica\u00e7\u00e3o sobre as cavidades do Planalto de S\u00e3o Mamede\">Nova publica\u00e7\u00e3o sobre as cavidades do Planalto de S\u00e3o Mamede<\/a><\/span><\/header><div class=\"eael-entry-header-after style-two\"><div class=\"eael-entry-meta\"><span class=\"eael-meta-posted-on\"><i class=\"far fa-clock\"><\/i><time datetime=\"22 de Dezembro, 2025\">22 de Dezembro, 2025<\/time><\/span><ul class=\"post-meta-categories\"><li class=\"meta-cat-icon\"><i class=\"far fa-folder-open\"><\/i><\/li><li><a href=\"https:\/\/www.gem.pt\/1\/category\/noticias\/speleo\/\">Espeleologia <\/a><\/li><\/ul><\/div><\/div><\/div><\/div>\n    <\/div>\n<\/article><article class=\"eael-grid-post  eael-post-grid-column eael-pg-post-22209 category-speleo tags-curso-n2-espeleologia\" data-id=\"22209\">\n    <div class=\"eael-grid-post-holder\">\n        <div class=\"eael-grid-post-holder-inner\"><div class=\"eael-entry-media\"><ul class=\"post-carousel-categories\"><li><a href=\"https:\/\/www.gem.pt\/1\/category\/noticias\/speleo\/\">Espeleologia<\/a><\/li><\/ul><div class=\"eael-entry-overlay zoom-in\"><i class=\"icon icon-plus\" aria-hidden=\"true\"><\/i><a href=\"https:\/\/www.gem.pt\/1\/2025\/11\/curso-de-espeleologia-nivel-2\/\"><\/a><\/div><div class=\"eael-entry-thumbnail \">\n                            <img loading=\"lazy\" decoding=\"async\" width=\"280\" height=\"180\" src=\"https:\/\/www.gem.pt\/wp-content\/uploads\/2025\/12\/DSC_7489_pan-280x180.jpg\" class=\"attachment-post-thumbnail size-post-thumbnail wp-image-22214\" alt=\"\" \/>\n                            <\/div>\n                    <\/div><div class=\"eael-entry-wrapper\"><header class=\"eael-entry-header\"><span class=\"eael-entry-title\"><a class=\"eael-grid-post-link\" href=\"https:\/\/www.gem.pt\/1\/2025\/11\/curso-de-espeleologia-nivel-2\/\" title=\"Curso de Espeleologia N\u00edvel 2\">Curso de Espeleologia N\u00edvel 2<\/a><\/span><\/header><div class=\"eael-entry-header-after style-two\"><div class=\"eael-entry-meta\"><span class=\"eael-meta-posted-on\"><i class=\"far fa-clock\"><\/i><time datetime=\"27 de Novembro, 2025\">27 de Novembro, 2025<\/time><\/span><ul class=\"post-meta-categories\"><li class=\"meta-cat-icon\"><i class=\"far fa-folder-open\"><\/i><\/li><li><a href=\"https:\/\/www.gem.pt\/1\/category\/noticias\/speleo\/\">Espeleologia <\/a><\/li><\/ul><\/div><\/div><\/div><\/div>\n    <\/div>\n<\/article><\/div>\n            <div class=\"clearfix\"><\/div>\n        <\/div>            <div class=\"eael-load-more-button-wrap eael-force-hide\">\n                <button class=\"eael-load-more-button\" id=\"eael-load-more-btn-94ed6cb\" data-widget-id=\"94ed6cb\" data-widget=\"94ed6cb\" data-page-id=\"21203\" data-template=\"{&quot;dir&quot;:&quot;lite&quot;,&quot;file_name&quot;:&quot;two.php&quot;,&quot;name&quot;:&quot;Post-Grid&quot;}\" data-class=\"Essential_Addons_Elementor\\Elements\\Post_Grid\" data-layout=\"grid\" data-page=\"1\" data-args=\"orderby=date&amp;order=desc&amp;ignore_sticky_posts=1&amp;post_status=publish&amp;posts_per_page=4&amp;offset=0&amp;post_type=post&amp;tax_query%5B0%5D%5Btaxonomy%5D=category&amp;tax_query%5B0%5D%5Bfield%5D=term_id&amp;tax_query%5B0%5D%5Bterms%5D%5B0%5D=293&amp;tax_query%5Brelation%5D=AND\" data-max-page=\"27\">\n                    <span class=\"eael-btn-loader button__loader\"><\/span>\n                    <span class=\"eael_load_more_text\">Load More<\/span>\n                <\/button>\n            <\/div>\n            \t\t\t\t<\/div>\n\t\t\t\t<\/div>\n\t\t\t\t\t<\/div>\n\t\t<\/div>\n\t\t\t\t\t<\/div>\n\t\t<\/section>\n\t\t\t\t<\/div>\n\t\t","protected":false},"excerpt":{"rendered":"<p>Entre os dias 1 e 4 de mar\u00e7o, partimos rumo a Tr\u00e1s-os-Montes para viver o Carnaval Transmontano em Podence, terra dos ic\u00f3nicos Caretos. Foram dias de conv\u00edvio, natureza, cultura e fotografia, com alojamento nas acolhedoras casas do <a href=\"https:\/\/azibeirohousenature.com\/\">Azibeiro House &#038; Nature<\/a>.<\/p>\n","protected":false},"author":1,"featured_media":21300,"comment_status":"closed","ping_status":"closed","sticky":false,"template":"elementor_header_footer","format":"image","meta":{"footnotes":""},"categories":[7,5,293,1],"tags":[401,315],"class_list":["post-21203","post","type-post","status-publish","format-image","has-post-thumbnail","hentry","category-foto","category-mountain","category-noticias","category-sem_categoria","tag-carnaval-transmontano","tag-multiatividades","post_format-post-format-image"],"_links":{"self":[{"href":"https:\/\/www.gem.pt\/1\/wp-json\/wp\/v2\/posts\/21203","targetHints":{"allow":["GET"]}}],"collection":[{"href":"https:\/\/www.gem.pt\/1\/wp-json\/wp\/v2\/posts"}],"about":[{"href":"https:\/\/www.gem.pt\/1\/wp-json\/wp\/v2\/types\/post"}],"author":[{"embeddable":true,"href":"https:\/\/www.gem.pt\/1\/wp-json\/wp\/v2\/users\/1"}],"replies":[{"embeddable":true,"href":"https:\/\/www.gem.pt\/1\/wp-json\/wp\/v2\/comments?post=21203"}],"version-history":[{"count":0,"href":"https:\/\/www.gem.pt\/1\/wp-json\/wp\/v2\/posts\/21203\/revisions"}],"wp:featuredmedia":[{"embeddable":true,"href":"https:\/\/www.gem.pt\/1\/wp-json\/wp\/v2\/media\/21300"}],"wp:attachment":[{"href":"https:\/\/www.gem.pt\/1\/wp-json\/wp\/v2\/media?parent=21203"}],"wp:term":[{"taxonomy":"category","embeddable":true,"href":"https:\/\/www.gem.pt\/1\/wp-json\/wp\/v2\/categories?post=21203"},{"taxonomy":"post_tag","embeddable":true,"href":"https:\/\/www.gem.pt\/1\/wp-json\/wp\/v2\/tags?post=21203"}],"curies":[{"name":"wp","href":"https:\/\/api.w.org\/{rel}","templated":true}]}}